{"id":896,"date":"2008-11-02T11:10:09","date_gmt":"2008-11-02T17:10:09","guid":{"rendered":"http:\/\/www.seocharlie.com\/blog\/?p=896"},"modified":"2008-11-04T21:39:42","modified_gmt":"2008-11-05T03:39:42","slug":"de-paso-por-mexico-web-20","status":"publish","type":"post","link":"https:\/\/seocharlie.com\/blog\/2008\/11\/02\/de-paso-por-mexico-web-20\/","title":{"rendered":"De paso por M\u00e9xico Web 2.0"},"content":{"rendered":"<p style=\"text-align: center;\"><a href=\"http:\/\/mexicoweb2.com\/\" target=\"_blank\"><img loading=\"lazy\" decoding=\"async\" class=\"alignnone size-full wp-image-898 aligncenter\" title=\"mexicoweb1\" src=\"https:\/\/i0.wp.com\/www.seocharlie.com\/blog\/wp-content\/uploads\/2008\/10\/mexicoweb1.jpg?resize=414%2C86\" alt=\"Congreso M\u00e9xico Web\" width=\"414\" height=\"86\" srcset=\"https:\/\/i0.wp.com\/seocharlie.com\/blog\/wp-content\/uploads\/2008\/10\/mexicoweb1.jpg?w=414&amp;ssl=1 414w, https:\/\/i0.wp.com\/seocharlie.com\/blog\/wp-content\/uploads\/2008\/10\/mexicoweb1.jpg?resize=300%2C62&amp;ssl=1 300w\" sizes=\"auto, (max-width: 414px) 100vw, 414px\" data-recalc-dims=\"1\" \/><\/a><\/p>\n<p>La pr\u00f3xima semana estar\u00e9 de paso por Canc\u00fan, participando del evento \u201c<strong>M\u00e9xico Web 2.0<\/strong>\u201d el cual ha sido organizado por profesionales mexicanos y del que participan un interesante grupo de <a href=\"http:\/\/mexicoweb2.com\/ponentes\/\" target=\"_blank\">ponentes<\/a> -en su mayor\u00eda\u00a0 hispanos-, algunos con gran trayectoria en la Web.<\/p>\n<p>Algunas <a href=\"http:\/\/mexicoweb2.com\/programa\/\" target=\"_blank\">charlas<\/a> interesantes que incluye el programa son:<\/p>\n<ul>\n<li>Mundo 2.0: El mundo ha cambiado y las empresas no se han dado cuenta<\/li>\n<li>Usabilidad y Accesibilidad: Ingredientes indispensables para el \u00e9xito en Internet<\/li>\n<li>Comunidades Virtuales: La piedra angular del marketing dirigido<\/li>\n<li>Desgracias 2.0: Factores cr\u00edticos para no fracasar en el <a href=\"http:\/\/www.seocharlie.com\/blog\/category\/web-20\" target=\"_self\">Web 2.0<\/a><\/li>\n<li>C\u00f3mputo en la nube para Am\u00e9rica Latina: Impedimentos y oportunidades<\/li>\n<\/ul>\n<blockquote><p>En lo personal, espero poder tomar nota de algunas de las ponencias para compartirlas contigo en este Blog, as\u00ed como tener la oportunidad de conocer en <em>persona <\/em>a varios colegas que han confirmado su asistencia\u2026<\/p><\/blockquote>\n<p>\u00a1As\u00ed que sin andas por ac\u00e1, no dudes en saludarme y de paso charlar un rato!:)<\/p>\n<p><strong>Actualizaci\u00f3n Martes 4 Noviembre<\/strong><\/p>\n<p>Si quieres leer un resumen del evento&#8230;<\/p>\n<p><!--more-->A inicios de esta semana (Lunes y Martes para ser espec\u00edfico), estuve de paso en el primer congreso de tecnolog\u00eda Web 2.0 organizado en Canc\u00fan. El mismo, fue organizado por el <strong>Colegio Nacional de Tecnolog\u00eda Web de M\u00e9xico<\/strong>, en conjunto con un grupo de profesionales en el \u00e1rea del mercadeo en Internet.<\/p>\n<p>Aunque no era mi primera vez en eventos de este tipo, s\u00ed fue mi primera experiencia en ese pa\u00eds vecino, lo cual me permiti\u00f3 conocer algunos colegas y comprobar la evoluci\u00f3n del mercado en Latinoam\u00e9rica.<\/p>\n<p>El costo de la entrada fue de $50 USD \u2013<em>porque lo adquir\u00ed en promoci\u00f3n<\/em>-, pero el precio de venta al p\u00fablico el d\u00eda del evento por el paquete completo fue de $200 USD (un costo normal para eventos de esta clase, en donde algunos ponentes son de <em>cierto <\/em>renombre).<\/p>\n<p><strong>El Primer d\u00eda<\/strong><\/p>\n<p>Con una charla de inauguraci\u00f3n, se nos dio la bienvenida al oficial al evento por parte de personeros del gobierno de M\u00e9xico, en donde estuvo presente la prensa mexicana \u2013como TV Azteca- llevando un reporte del suceso.<\/p>\n<p>Tres frases interesantes de esas charlas fueron:<\/p>\n<ul>\n<li>Para Web 2.0 lo que m\u00e1s importa son los visitantes.<\/li>\n<li>En Web 2.0 no solo se trata de aprender, sino de aportar.<\/li>\n<li>Se eligi\u00f3 Canc\u00fan por su ubicaci\u00f3n y recibimiento de turistas (m\u00e1s de 11 millones al a\u00f1o) e inversiones.<\/li>\n<\/ul>\n<p>La primera charla estuvo a cargo de <a href=\"http:\/\/leo.prie.to\/\" target=\"_blank\">Leo Prieto<\/a>, un chileno emprendedor que con su t\u00edtulo de ponencia lo dec\u00eda \u201ctodo\u201d: Mundo 2.0 El mundo ha cambiado y las empresas no se han dado cuenta.<\/p>\n<p>Despu\u00e9s de mencionar un par de ejemplos ilustrativos a su presentaci\u00f3n, mencion\u00f3 <a href=\"http:\/\/www.flickr.com\/photos\/seocharlie\/3000204422\/\" target=\"_blank\">las cuatro C<\/a> m\u00e1s importantes de Internet:<\/p>\n<p>1.\u00a0\u00a0\u00a0 Comunicaci\u00f3n<br \/>\n2.\u00a0\u00a0\u00a0 Contenido<br \/>\n3.\u00a0\u00a0\u00a0 Comercio<br \/>\n4.\u00a0\u00a0\u00a0 Comunidad<\/p>\n<p>Dicha ponencia en conjunto con la de <a href=\"http:\/\/www.cvander.com\" target=\"_blank\">Christian Van Der Henst<\/a> bajo su tema \u201cComunidades Virtuales La piedra angular del marketing dirigido\u201d, fueron dos de mis favoritas.<\/p>\n<p>Algunas frases interesantes de Chris fueron:<\/p>\n<ul>\n<li>En Latinoam\u00e9rica nos da miedo cometer errores, pues se cree que se fracasa, aunque no sea as\u00ed.<\/li>\n<li>La base de una comunidad es una: Compartir, Generar espacios colaborativos y la llamada nube de c\u00f3mputo.<\/li>\n<li>El gran \u00e9xito de crear comunidades es simple: generar expertos.<\/li>\n<\/ul>\n<p>Para cerrar, particip\u00e9 tambi\u00e9n de una charla sobre usabilidad por parte de Mauricio J\u00e1come del <a href=\"http:\/\/www.ceus.org.mx\" target=\"_blank\">Centro de Estudios de Usabilidad<\/a>. Algunas de sus frases interesantes:<\/p>\n<ul>\n<li>Las personas no deben de dar m\u00e1s dos clics para llegar a lo que quieren ver.<\/li>\n<li>La optimizaci\u00f3n se mueve en tres tipos: ling\u00fc\u00edstica, arquitectura y reputaci\u00f3n.<\/li>\n<li>En Web menos es m\u00e1s.<\/li>\n<\/ul>\n<p><strong>Segundo d\u00eda<\/strong><\/p>\n<p>Para el inicio del \u00faltimo d\u00eda, se present\u00f3 otro de los conocidos ponentes: Juan Pablo Lanteri de Argentina con su tema \u201cSocial Media Marketing Estrategias y t\u00e1cticas\u201d.<\/p>\n<p>Los mejores puntos comentados fueron:<\/p>\n<ul>\n<li>Somos sociales porque nos va mejor, es <em>humano<\/em>.<\/li>\n<li>\u201cMedia\u201d son canales para transmitir contenidos a individuos.\u00a0 Antes los medios no nos escuchaban, eran de una sola v\u00eda por decirlo de alguna manera.<\/li>\n<li>Hoy en d\u00eda el mensaje llega a las personas, y ellos se encargan de distribuirlos de diversas maneras.<\/li>\n<li> Para un marketing social, es indispensable: Saber escuchar, Hacer una segmentaci\u00f3n de nuestros usuarios y darles un lugar adecuado para ellos donde encuentren todo lo que necesiten.<\/li>\n<\/ul>\n<p>Un par de sesiones adicionales del segundo d\u00eda fueron impartidas por Manolo Guerrero (Las limitaciones que nos tienen separados del Web 2.0 y Teletrabajo Recursos Humanos en la era 2.0) y Christian Van Der Henst (Negocios 2.0, el abanico de posibilidades que se abre para las empresas), aparte de una sesi\u00f3n tipo chat con Molly Holzschlag.<\/p>\n<p>Unas frases sueltas:<\/p>\n<ul>\n<li>Las aplicaciones tienen que ser intuitivas<\/li>\n<li>Desarrollar una Web no deber\u00eda de ser \u201ccosa\u201d de algunos sino de muchas partes. Como proceso, se requieren de profesionales cada uno en su campo, adem\u00e1s de inversionistas por supuesto<\/li>\n<li>Una vez juntos, hay que aliarse con las personas correctas para generar buenos resultados<\/li>\n<li>El tele-trabajo presenta muchas ventajas para las personas: ahorro de dinero en combustibles, compartir m\u00e1s con la familia, disminuye el nivel de stress, etc. Aunque, su mayor desventaja es la p\u00e9rdida de interacci\u00f3n con las personas<\/li>\n<li>Ventajas para las empresas que ofrecen al tele-trabajo: pueden llegar a tener m\u00e1s espacios f\u00edsicos en caso lo requiera, o reducir sus costos de renta o alquiler<\/li>\n<li>Las empresas no deben desechar la opci\u00f3n de tele-trabajo<\/li>\n<li>Como trabajadores, hay que demostrarle al jefe que somos capaces de hacerlo<\/li>\n<li>No todos los jefes o empleados aplican para el tele-trabajo<\/li>\n<li>A\u00fan es este espacio que parece saturado, hay oportunidades para crear grandes cosas<\/li>\n<li>Las recesiones son oportunidades<\/li>\n<li>En Internet se hace dinero con los casinos en l\u00ednea, pornograf\u00eda y algunas redes sociales (y est\u00e1n saturados)<\/li>\n<li>Ser exitoso en Latinoam\u00e9rica es peligroso por la envidia<\/li>\n<li>Hay que pensar de forma global para llegar m\u00e1s lejos<\/li>\n<li>Pensar en proyectos globales pero con objetivos m\u00e1s globales<\/li>\n<li>Si tienes una idea tienes el 1% de la ecuaci\u00f3n<\/li>\n<li>Hacer Networking porque hay iniciativas para hacer proyectos interesantes<\/li>\n<li>Hay que ser usuarios m\u00e1s que empresas<\/li>\n<li>Nosotros necesitamos cambiar mucho del mundo<\/li>\n<li>Javascrip es lo m\u00e1s importante ahora para trabajar<\/li>\n<li>D\u00f3nde est\u00e1 el CSS versi\u00f3n 2.1?<\/li>\n<li>Compartir es la magia del Web 2.0<\/li>\n<\/ul>\n<p><strong>La Organizaci\u00f3n<\/strong><\/p>\n<p>En t\u00e9rminos generales todo march\u00f3 bien, desde el retiro de gafetes y el pago, hasta la debida rotulaci\u00f3n para quienes no conoc\u00edamos el lugar (quiz\u00e1s solo un poco desordenado el retiro de Certificados al final).<\/p>\n<p>Obviamente que surgieron algunos cambios e imprevistos de \u00faltima hora (nada que no suceda en cualquier evento en vivo), aunque se resolvieron de forma ordenada y sin mayores complicaciones.<\/p>\n<p>Eso s\u00ed, se anotaron un \u201c<em>gol<\/em>\u201d con el tema de la conexi\u00f3n o WIFI \ud83d\ude42<br \/>\nDe los \u00faltimos eventos a los que he asistido, este se lleva le mejor calificaci\u00f3n en este aspecto, ya que durante todo el evento todos los asistentes contamos con esta herramienta tan indispensable (as\u00ed que podr\u00e1n imaginarse la cantidad de \u201c<em>twitteos<\/em>\u201d y blogs hablando del evento en vivo).<\/p>\n<p><strong>En s\u00edntesis<\/strong><\/p>\n<p>El evento como tal fue bueno, sobretodo que viajar desde Costa Rica tiene sus costos econ\u00f3micos y en <a href=\"http:\/\/www.seocharlie.com\/blog\/en-tiempos-de-crisis\" target=\"_self\">tiempos de crisis<\/a> mejor elegir muy bien donde poner el dinero \ud83d\ude1b<\/p>\n<p>Quedar\u00e1 esperar para el pr\u00f3ximo a\u00f1o qu\u00e9 pasa, aunque estoy seguro que el evento tomar\u00e1 mayor fuerza\u2026<\/p>\n<p><strong>Si quieres ver algunas fotos #mw2 <a href=\"http:\/\/www.flickr.com\/photos\/seocharlie\/sets\/72157608614872485\/\" target=\"_blank\">aqu\u00ed<\/a>&#8230;<\/strong><\/p>\n","protected":false},"excerpt":{"rendered":"<p>La pr\u00f3xima semana estar\u00e9 de paso por Canc\u00fan, participando del evento \u201cM\u00e9xico Web 2.0\u201d el cual ha sido organizado por profesionales mexicanos y del que participan un interesante grupo de ponentes -en su mayor\u00eda\u00a0 hispanos-, algunos con gran trayectoria en la Web. Algunas charlas interesantes que incluye el programa son: Mundo 2.0: El mundo ha [&hellip;]<\/p>\n","protected":false},"author":1,"featured_media":0,"comment_status":"open","ping_status":"open","sticky":false,"template":"","format":"standard","meta":{"spay_email":"","footnotes":"","jetpack_publicize_message":"","jetpack_is_tweetstorm":false,"jetpack_publicize_feature_enabled":true},"categories":[28,10,4,2,29],"tags":[137,138],"class_list":["post-896","post","type-post","status-publish","format-standard","hentry","category-actualidad","category-conferencias-seo","category-noticias-seo","category-seo","category-web-20","tag-mw2","tag-mexicoweb20"],"jetpack_featured_media_url":"","jetpack_publicize_connections":[],"jetpack_sharing_enabled":true,"jetpack_shortlink":"https:\/\/wp.me\/pgmtK-es","jetpack-related-posts":[{"id":525,"url":"https:\/\/seocharlie.com\/blog\/2007\/06\/28\/la-web-20-aun-no-golpea-latinoamerica\/","url_meta":{"origin":896,"position":0},"title":"La Web 2.0 a\u00fan no golpea gran parte de Latinoam\u00e9rica","date":"28 junio, 2007","format":false,"excerpt":"V\u00eda Miguel Gat\u00f3n, me entero de algunos datos curiosos sobre las ciudades del mundo con mayor actividad relacionada con la Web 2.0 en cuanto a blogs se refiere, y seg\u00fan datos provistos por FeedBurner. La \u00fanica ciudad hispano-hablante de Latinoam\u00e9rica enlistada es M\u00e9xico; y por Europa, Madrid. Esto, es una\u2026","rel":"","context":"En \u00abActualidad\u00bb","img":{"alt_text":"","src":"","width":0,"height":0},"classes":[]},{"id":446,"url":"https:\/\/seocharlie.com\/blog\/2007\/05\/24\/para-ti-que-es-la-web-20\/","url_meta":{"origin":896,"position":1},"title":"Para ti: \u00bfQu\u00e9 es la Web 2.0?","date":"24 mayo, 2007","format":false,"excerpt":"Esta ma\u00f1ana me reun\u00ed con un amigo el cual estaba iniciando su propio blog en l\u00ednea. Aunque para algunos que actualmente \u201cmanejamos\u201d blogs el caso no parece nada complicado, para muchos es un tema muy nuevo. El blog como tal, nace de lo que anteriormente me hab\u00eda referido como redes\u2026","rel":"","context":"En \u00abArt\u00edculos Varios\u00bb","img":{"alt_text":"","src":"","width":0,"height":0},"classes":[]},{"id":728,"url":"https:\/\/seocharlie.com\/blog\/2008\/03\/04\/de-camino-a-exponet-2008-guatemala\/","url_meta":{"origin":896,"position":2},"title":"De camino a Exponet 2008 (Guatemala)","date":"4 marzo, 2008","format":false,"excerpt":"As\u00ed definen el Congreso al cual tendr\u00e9 la oportunidad de asistir esta semana: Exponet: Punta de lanza del Web 2.0 en espa\u00f1ol El 5, 6 y 7 de marzo de 2008 en la ciudad de Guatemala, Sal\u00f3n Las Naciones del Hotel Marriott, se llevar\u00e1 a cabo la segunda convenci\u00f3n con\u2026","rel":"","context":"En \u00abActualidad\u00bb","img":{"alt_text":"","src":"","width":0,"height":0},"classes":[]},{"id":394,"url":"https:\/\/seocharlie.com\/blog\/2007\/08\/25\/seo-wikis-y-la-web-20-al-extremo\/","url_meta":{"origin":896,"position":3},"title":"SEO, Wikis y la Web 2.0 (al extremo)","date":"25 agosto, 2007","format":false,"excerpt":"Hace poco se estuvo discutiendo el tema en este foro de posicionamiento (\u00bfLa muerte del SEO? (y Web 2.0)). Por lo mismo, quiz\u00e1s este art\u00edculo original de SEOChat, pueda ayudarnos a comprender mejor un poco el tema, que al parecer no deja de tener muchos puntos de vista y opiniones\u2026","rel":"","context":"En \u00abActualidad\u00bb","img":{"alt_text":"","src":"","width":0,"height":0},"classes":[]},{"id":514,"url":"https:\/\/seocharlie.com\/blog\/2007\/06\/18\/resumen-dia-1-ses-latino-2007-miami\/","url_meta":{"origin":896,"position":4},"title":"Resumen D\u00eda 1: SES Latino 2007, Miami","date":"18 junio, 2007","format":false,"excerpt":"Durante el primer d\u00eda de la Conferencia SES Latino, se presentaron ocho sesiones distribuidas durante el d\u00eda despu\u00e9s del keynote de Gonzalo Alonso. Tomar datos de todo cuesta un poco, as\u00ed que aqu\u00ed les comparto los datos m\u00e1s interesantes presentados en dos sesiones de las cuales particip\u00e9 (Una de la\u2026","rel":"","context":"En \u00abActualidad\u00bb","img":{"alt_text":"","src":"","width":0,"height":0},"classes":[]},{"id":337,"url":"https:\/\/seocharlie.com\/blog\/2007\/03\/04\/congreso-ojobuscador-20\/","url_meta":{"origin":896,"position":5},"title":"Congreso OJObuscador 2.0","date":"4 marzo, 2007","format":false,"excerpt":"Como les hab\u00eda comentado hace algunos meses, esta semana que viene estar\u00e9 en Madrid, ya que el jueves 8 y viernes 9 de marzo de 2007 asistir\u00e9 al Congreso 2.0 de OjoBuscador que organiza Javier Casares y Tomy Lorsch. El programa exhibe temas diversos los cuales ser\u00e1n presentados por expertos\u2026","rel":"","context":"En \u00abCongresos\u00bb","img":{"alt_text":"","src":"","width":0,"height":0},"classes":[]}],"_links":{"self":[{"href":"https:\/\/seocharlie.com\/blog\/wp-json\/wp\/v2\/posts\/896","targetHints":{"allow":["GET"]}}],"collection":[{"href":"https:\/\/seocharlie.com\/blog\/wp-json\/wp\/v2\/posts"}],"about":[{"href":"https:\/\/seocharlie.com\/blog\/wp-json\/wp\/v2\/types\/post"}],"author":[{"embeddable":true,"href":"https:\/\/seocharlie.com\/blog\/wp-json\/wp\/v2\/users\/1"}],"replies":[{"embeddable":true,"href":"https:\/\/seocharlie.com\/blog\/wp-json\/wp\/v2\/comments?post=896"}],"version-history":[{"count":0,"href":"https:\/\/seocharlie.com\/blog\/wp-json\/wp\/v2\/posts\/896\/revisions"}],"wp:attachment":[{"href":"https:\/\/seocharlie.com\/blog\/wp-json\/wp\/v2\/media?parent=896"}],"wp:term":[{"taxonomy":"category","embeddable":true,"href":"https:\/\/seocharlie.com\/blog\/wp-json\/wp\/v2\/categories?post=896"},{"taxonomy":"post_tag","embeddable":true,"href":"https:\/\/seocharlie.com\/blog\/wp-json\/wp\/v2\/tags?post=896"}],"curies":[{"name":"wp","href":"https:\/\/api.w.org\/{rel}","templated":true}]}}